{"id":1549,"date":"2020-12-09T15:09:38","date_gmt":"2020-12-09T12:09:38","guid":{"rendered":"https:\/\/www.mnbeticaret.com\/?p=1549"},"modified":"2020-12-29T13:45:43","modified_gmt":"2020-12-29T10:45:43","slug":"krom-kamelya-ayagi-urkmez","status":"publish","type":"post","link":"https:\/\/www.mnbeticaret.com\/en\/krom-kamelya-ayagi-urkmez\/","title":{"rendered":"Krom Kamelya Aya\u011f\u0131 \u00dcrkmez"},"content":{"rendered":"<p>&nbsp;<\/p>\n<p>Kamelya ayakl\u0131k modellerinde arad\u0131\u011f\u0131n\u0131z \u00e7e\u015fitleri internet adresimizde bulabilirsiniz. Ayakl\u0131k konusunda \u00f6zel modellerimizle beklentileri kar\u015f\u0131layabiliriz.<\/p>\n<p><strong>Krom kamelya aya\u011f\u0131 \u00dcrkmez <\/strong>deste\u011fimiz buradan elinizin alt\u0131na geliyor. Her mevsim kullan\u0131lan bu \u00fcr\u00fcnleri tek t\u0131kla sat\u0131n alabilirsiniz. Kamelya sistemleri ergonomik tasar\u0131mlar\u0131 ile dikkatleri \u00fczerine \u00e7ekiyor. Bu \u00fcr\u00fcnleri her mekanda kolayca kullanabilirsiniz. Biz kamelya ayakl\u0131klar\u0131n\u0131 yaparken kaliteli malzemelerden destek al\u0131yoruz. Bu adres \u00fczerinden h\u0131rdavat sekt\u00f6r\u00fcn\u00fcn ihtiya\u00e7lar\u0131n\u0131 kolayca kar\u015f\u0131l\u0131yoruz. \u00dcr\u00fcn \u00e7e\u015fitlili\u011fi ve stok konusunda gerekli deste\u011fi veriyoruz. Teknolojiyi takip ederek her zaman en iyisini sunmak i\u00e7in gayret g\u00f6steriyoruz.<\/p>\n<h2><strong>2020 Kamelya Ayaklar\u0131<\/strong><\/h2>\n<p><strong>Krom kamelya aya\u011f\u0131 <\/strong>hizmetlerinde ge\u00e7en g\u00fcn b\u00fcy\u00fcmeye devam ediyoruz. Farkl\u0131 \u00fcr\u00fcn gruplar\u0131m\u0131zla sizlerin yan\u0131nday\u0131z. Kamelya ayaklar\u0131m\u0131z, korozyona kar\u015f\u0131 dayan\u0131ml\u0131 \u00fcr\u00fcnlerdir. Kolayca monte edilebilir. Ayarlanabilir ayak sistemleri zeminlerde sa\u011flam bir tutu\u015f sunar. Biz uzman kadromuzla beraber kendimizi s\u00fcrekli olarak yeniliyoruz. Bu alanda sat\u0131\u015f sonras\u0131 hizmet deste\u011fimizle beklentilere yan\u0131t veriyoruz. Amac\u0131m\u0131z h\u0131rdavat sekt\u00f6r\u00fcnde geli\u015fen d\u00fcnya standartlar\u0131ndaki kaliteyi en iyi \u015fekilde yakalayabilmektir. Farkl\u0131 \u00fcr\u00fcn \u00e7e\u015fitlili\u011fimiz i\u00e7erisinden istedi\u011finizi tek t\u0131kla kolayca sat\u0131n alabilirsiniz. Kamelya ayaklar\u0131 \u00f6zellikle d\u0131\u015f mekanlarda s\u0131kl\u0131kla kullan\u0131lmaktad\u0131r. Korkuluk kamelya aya\u011f\u0131 i\u015flevsel tasar\u0131m\u0131 ile \u00f6n plana \u00e7\u0131kan \u00fcr\u00fcnlerdendir. Sizde internet \u00fczerinden g\u00fcvenilir <strong>kamelya aya\u011f\u0131 firmas\u0131 <\/strong>ar\u0131yorsan\u0131z sitemizi ziyaret edebilirsiniz. G\u00fcn\u00fcn her saati kamelya ayaklar\u0131m\u0131z sizlere sunulmaktad\u0131r. Diledi\u011finiz zaman \u00fcr\u00fcnlerimiz hakk\u0131nda detaylar\u0131 kolayca alabilirsiniz.<\/p>","protected":false},"excerpt":{"rendered":"<p>&nbsp; Kamelya ayakl\u0131k modellerinde arad\u0131\u011f\u0131n\u0131z \u00e7e\u015fitleri internet adresimizde bulabilirsiniz. Ayakl\u0131k konusunda \u00f6zel modellerimizle beklentileri kar\u015f\u0131layabiliriz. Krom kamelya aya\u011f\u0131 \u00dcrkmez deste\u011fimiz buradan elinizin alt\u0131na geliyor. Her mevsim kullan\u0131lan bu \u00fcr\u00fcnleri tek t\u0131kla sat\u0131n alabilirsiniz. Kamelya sistemleri ergonomik tasar\u0131mlar\u0131 ile dikkatleri \u00fczerine \u00e7ekiyor. Bu \u00fcr\u00fcnleri her mekanda kolayca kullanabilirsiniz. Biz kamelya ayakl\u0131klar\u0131n\u0131 yaparken kaliteli malzemelerden destek al\u0131yoruz. [&hellip;]<\/p>\n","protected":false},"author":1,"featured_media":2135,"comment_status":"open","ping_status":"closed","sticky":false,"template":"","format":"standard","meta":{"footnotes":""},"categories":[26],"tags":[105,107,149,150,148],"class_list":["post-1549","post","type-post","status-publish","format-standard","has-post-thumbnail","hentry","category-kamelya","tag-krom-kamelya-ayagi","tag-krom-kamelya-ayagi-firmalari","tag-krom-kamelya-ayagi-fiyatlari-urkmez","tag-krom-kamelya-ayagi-uretenler-urkmez","tag-krom-kamelya-ayagi-urkmez"],"_links":{"self":[{"href":"https:\/\/www.mnbeticaret.com\/en\/wp-json\/wp\/v2\/posts\/1549","targetHints":{"allow":["GET"]}}],"collection":[{"href":"https:\/\/www.mnbeticaret.com\/en\/wp-json\/wp\/v2\/posts"}],"about":[{"href":"https:\/\/www.mnbeticaret.com\/en\/wp-json\/wp\/v2\/types\/post"}],"author":[{"embeddable":true,"href":"https:\/\/www.mnbeticaret.com\/en\/wp-json\/wp\/v2\/users\/1"}],"replies":[{"embeddable":true,"href":"https:\/\/www.mnbeticaret.com\/en\/wp-json\/wp\/v2\/comments?post=1549"}],"version-history":[{"count":2,"href":"https:\/\/www.mnbeticaret.com\/en\/wp-json\/wp\/v2\/posts\/1549\/revisions"}],"predecessor-version":[{"id":1942,"href":"https:\/\/www.mnbeticaret.com\/en\/wp-json\/wp\/v2\/posts\/1549\/revisions\/1942"}],"wp:featuredmedia":[{"embeddable":true,"href":"https:\/\/www.mnbeticaret.com\/en\/wp-json\/wp\/v2\/media\/2135"}],"wp:attachment":[{"href":"https:\/\/www.mnbeticaret.com\/en\/wp-json\/wp\/v2\/media?parent=1549"}],"wp:term":[{"taxonomy":"category","embeddable":true,"href":"https:\/\/www.mnbeticaret.com\/en\/wp-json\/wp\/v2\/categories?post=1549"},{"taxonomy":"post_tag","embeddable":true,"href":"https:\/\/www.mnbeticaret.com\/en\/wp-json\/wp\/v2\/tags?post=1549"}],"curies":[{"name":"wp","href":"https:\/\/api.w.org\/{rel}","templated":true}]}}