{"id":1558,"date":"2020-12-09T15:12:33","date_gmt":"2020-12-09T12:12:33","guid":{"rendered":"https:\/\/www.mnbeticaret.com\/?p=1558"},"modified":"2020-12-29T14:12:48","modified_gmt":"2020-12-29T11:12:48","slug":"krom-kamelya-ayagi-foca","status":"publish","type":"post","link":"https:\/\/www.mnbeticaret.com\/en\/krom-kamelya-ayagi-foca\/","title":{"rendered":"Krom Kamelya Aya\u011f\u0131 Fo\u00e7a"},"content":{"rendered":"<p>&nbsp;<\/p>\n<p>Kamelya ayakl\u0131k modellerinde biz beklentileri en iyi \u015fekilde kar\u015f\u0131lamaya devam ediyoruz. Sahip oldu\u011fumuz g\u00fc\u00e7le beklentileri de kolayca kar\u015f\u0131l\u0131yoruz.<\/p>\n<p><strong>Krom kamelya aya\u011f\u0131 Fo\u00e7a <\/strong>hizmetlerini tek bir adres \u00fczerinde toplamay\u0131 ba\u015fard\u0131k. Kamelyalar \u00f6zellikle bah\u00e7elerde s\u0131kl\u0131kla tercih edilmektedir. Kamelya sistemlerini her t\u00fcrl\u00fc alanda kullanabilirsiniz. Bu sistemlerin g\u00fcvenilir bir \u015fekilde kullan\u0131lmas\u0131 i\u00e7in ayakl\u0131k modellerinden yararlanabilirsiniz. Kamelyalar sizleri d\u0131\u015f etkilerden koruyarak g\u00fcvenilir alanlar sunuyor. Biz uygun fiyatl\u0131 \u00e7\u00f6z\u00fcmlerimizle kamelya ayaklar\u0131 imal ediyoruz. Ayakl\u0131k modellerimiz kerestelerin ayak k\u0131s\u0131mlar\u0131n\u0131n zarar g\u00f6rmesini engeller. Kamelya aya\u011f\u0131 se\u00e7erken baz\u0131 konulara dikkat etmeniz gerekir. Bu \u00fcr\u00fcnler daha \u00e7ok d\u0131\u015f mekanlarda ve bah\u00e7elerde kullan\u0131lmaktad\u0131r.<\/p>\n<h2><strong>G\u00fcvenilir Kamelya Ayaklar\u0131<\/strong><\/h2>\n<p>Ayakl\u0131k modelleri kamelyalar\u0131n uzun s\u00fcreli kullan\u0131lmas\u0131na yard\u0131mc\u0131 oluyor. Kolay temizlenen bu \u00fcr\u00fcnlerin montaj\u0131 k\u0131sa s\u00fcrede tamamlan\u0131r. Firmam\u0131z farkl\u0131 tip kamelyalara \u00f6zel \u00fcr\u00fcnler geli\u015ftirebilir. A\u00e7\u0131k alanlar\u0131 g\u00fczelle\u015ftiren dokunu\u015flar sitemizde sizlerle bir araya geliyor. Estetik yap\u0131lara kavu\u015fmak isterseniz bizi hemen tercih edebilirsiniz. Y\u0131llard\u0131r <strong>kamelya ayaklar\u0131<\/strong> konusunda sat\u0131\u015f deste\u011fi veriyoruz. Hedefimiz her zaman ba\u015far\u0131l\u0131 projelere imza atabilmektir.<\/p>\n<p>Kamelya ayakl\u0131k modellerinin tamam\u0131 krom temelli ger\u00e7ekle\u015ftirilmektedir. B\u00f6ylece kullan\u0131lacak alanlarda her t\u00fcrl\u00fc hava ko\u015fuluna kar\u015f\u0131 y\u00fcksek dayan\u0131m \u00f6zelli\u011fi g\u00f6steriyor. \u00c7at\u0131 ayaklar\u0131 yerden y\u00fcksektir ve keresteye zarar vermeden kolayca kullan\u0131labilir. \u0130nternet adresimizi ziyaret ederek <strong>kamelya ayakl\u0131k modelleri<\/strong>ni sizlerle bir araya getiriyoruz. Bu konuda uygun fiyatl\u0131 \u00e7\u00f6z\u00fcmlerimizle tan\u0131\u015fmak isterseniz bizlerle ileti\u015fime ge\u00e7ebilirsiniz.<\/p>","protected":false},"excerpt":{"rendered":"<p>&nbsp; Kamelya ayakl\u0131k modellerinde biz beklentileri en iyi \u015fekilde kar\u015f\u0131lamaya devam ediyoruz. Sahip oldu\u011fumuz g\u00fc\u00e7le beklentileri de kolayca kar\u015f\u0131l\u0131yoruz. Krom kamelya aya\u011f\u0131 Fo\u00e7a hizmetlerini tek bir adres \u00fczerinde toplamay\u0131 ba\u015fard\u0131k. Kamelyalar \u00f6zellikle bah\u00e7elerde s\u0131kl\u0131kla tercih edilmektedir. Kamelya sistemlerini her t\u00fcrl\u00fc alanda kullanabilirsiniz. Bu sistemlerin g\u00fcvenilir bir \u015fekilde kullan\u0131lmas\u0131 i\u00e7in ayakl\u0131k modellerinden yararlanabilirsiniz. Kamelyalar sizleri d\u0131\u015f [&hellip;]<\/p>\n","protected":false},"author":1,"featured_media":2139,"comment_status":"open","ping_status":"closed","sticky":false,"template":"","format":"standard","meta":{"footnotes":""},"categories":[26],"tags":[105,107,140,139,141],"class_list":["post-1558","post","type-post","status-publish","format-standard","has-post-thumbnail","hentry","category-kamelya","tag-krom-kamelya-ayagi","tag-krom-kamelya-ayagi-firmalari","tag-krom-kamelya-ayagi-fiyatlari-foca","tag-krom-kamelya-ayagi-foca","tag-krom-kamelya-ayagi-uretenler-foca"],"_links":{"self":[{"href":"https:\/\/www.mnbeticaret.com\/en\/wp-json\/wp\/v2\/posts\/1558","targetHints":{"allow":["GET"]}}],"collection":[{"href":"https:\/\/www.mnbeticaret.com\/en\/wp-json\/wp\/v2\/posts"}],"about":[{"href":"https:\/\/www.mnbeticaret.com\/en\/wp-json\/wp\/v2\/types\/post"}],"author":[{"embeddable":true,"href":"https:\/\/www.mnbeticaret.com\/en\/wp-json\/wp\/v2\/users\/1"}],"replies":[{"embeddable":true,"href":"https:\/\/www.mnbeticaret.com\/en\/wp-json\/wp\/v2\/comments?post=1558"}],"version-history":[{"count":3,"href":"https:\/\/www.mnbeticaret.com\/en\/wp-json\/wp\/v2\/posts\/1558\/revisions"}],"predecessor-version":[{"id":2230,"href":"https:\/\/www.mnbeticaret.com\/en\/wp-json\/wp\/v2\/posts\/1558\/revisions\/2230"}],"wp:featuredmedia":[{"embeddable":true,"href":"https:\/\/www.mnbeticaret.com\/en\/wp-json\/wp\/v2\/media\/2139"}],"wp:attachment":[{"href":"https:\/\/www.mnbeticaret.com\/en\/wp-json\/wp\/v2\/media?parent=1558"}],"wp:term":[{"taxonomy":"category","embeddable":true,"href":"https:\/\/www.mnbeticaret.com\/en\/wp-json\/wp\/v2\/categories?post=1558"},{"taxonomy":"post_tag","embeddable":true,"href":"https:\/\/www.mnbeticaret.com\/en\/wp-json\/wp\/v2\/tags?post=1558"}],"curies":[{"name":"wp","href":"https:\/\/api.w.org\/{rel}","templated":true}]}}